{"id":29,"date":"2019-08-03T17:10:21","date_gmt":"2019-08-03T17:10:21","guid":{"rendered":"http:\/\/alessandrofois.com\/la-narrazione-astratta-della-musica-e-il-suo-ruolo-nello-sviluppo-della-consapevolezza\/"},"modified":"2019-08-03T17:10:21","modified_gmt":"2019-08-03T17:10:21","slug":"la-narrazione-astratta-della-musica-e-il-suo-ruolo-nello-sviluppo-della-consapevolezza","status":"publish","type":"post","link":"https:\/\/alessandrofois.com\/de\/la-narrazione-astratta-della-musica-e-il-suo-ruolo-nello-sviluppo-della-consapevolezza\/","title":{"rendered":"La narrazione astratta della musica e il suo ruolo nello sviluppo della consapevolezza"},"content":{"rendered":"<p>&lt;img src=&quot;&rdquo;https:\/\/alessandrofois.com\/staging-a2\/wp-content\/uploads\/2019\/08\/La-narrazione-astratta-della-musica-e-il-suo-ruolo-nello-sviluppo-della-consapevolezza.jpg&rdquo;&quot; alt=&quot;&rdquo;La&quot; narrazione astratta della musica e il suo ruolo nello sviluppo consapevolezza&rdquo; style =&quot;&rdquo;max-width:100%;&quot; height:auto;&rdquo; \/&gt;<\/p>\n<div class=\"\" data-block=\"true\" data-editor=\"442ki\" data-offset-key=\"esb34-0-0\">\n<hr \/>\n<h3><span style=\"color: #808080;\">Il Blog di Alessandro Fois.<\/span><\/h3>\n<hr \/>\n<h2 data-offset-key=\"esb34-0-0\">La narrazione astratta della musica e il suo ruolo nello sviluppo della consapevolezza<\/h2>\n<hr \/>\n<\/div>\n<div class=\"\" data-block=\"true\" data-editor=\"442ki\" data-offset-key=\"3ala1-0-0\">\n<div class=\"_1mf _1mj\" data-offset-key=\"3ala1-0-0\">\n<p><b>La narrazione astratta della musica<\/b><\/p>\n<p>Libera dalle briglie della moda e della mercificazione, nonch\u00e9 slegata e indipendente da ruoli ludici e sociali e dalla funzione di supporto narrativo per parole e immagini, in tal modo la musica acquista la dimensione di arte indipendente e pura.<\/p>\n<p>Sar\u00e0 quindi possibile parlare di \u201cnarrazione astratta della musica\u201d, che finalmente \u201cracconta di s\u00e9\u201d, in perfetta solitudine espressiva.<\/p>\n<p>Di che parla la musica quando \u00e8 svincolata da altri contesti narrativi?<\/p>\n<p>Essa pu\u00f2 esprimersi comunicando col nostro subconscio, sollecitando i nostri archetipi per mezzo di simboli emozionali ad essi correlati, tessuti in forma sonora sulle trame della forma e dell\u2019estetica musicale convenzionale.<\/p>\n<p>Le forme musicali cambiano in funzione delle epoche, e parimenti si rinnovano i loro codici estetici, gli archetipi invece permangono in quanto espressione della nostra immutabile natura umana.<\/p>\n<p>La musica che risponde soltanto alla forma e all\u2019estetica offre un valore artistico pi\u00f9 o meno apprezzabile, secondo la capacit\u00e0 e la cura di chi l\u2019ha \u201carchitettata\u201d, ma pur sempre di secondaria grandezza,<span class=\"Apple-converted-space\">\u00a0 <\/span>in quanto priva di \u201cun elemento narrativo profondo\u201d che la definisca come Arte con la \u201cA\u201d maiuscola.<\/p>\n<p>Gli archetipi invece, nella accezione che qui intendo suggerire, \u201cracconterebbero\u201d credenze radicate nell\u2019inconscio e cariche di emozioni: paure, bisogni e desideri che coincidono con l\u2019essenza della natura umana individuale e condivisa.<\/p>\n<p><b>La crescita della consapevolezza<\/b><\/p>\n<p>Tali archetipi psichici sono evocati e portati alla coscienza per mezzo dei simboli, che costituiscono il \u201crichiamo significante del significato dell\u2019archetipo\u201d.<\/p>\n<p>Il \u201cracconto musicale\u201d artistico pu\u00f2 quindi esprimersi attraverso \u201csimboli sonori\u201d capaci di evocare le \u201ccredenze\u201d (e le emozioni correlate) contenute nell\u2019inconscio umano, portandole finalmente alla coscienza, alleviando parte del loro peso, orientando irresistibilmente le nostre esistenze verso dimensioni pi\u00f9 vicine alla nostra essenza.<\/p>\n<p>L\u2019arte musicale procede dalla capacit\u00e0 tecnica e di pensiero, altres\u00ec dalla sensibilit\u00e0 emozionale conscia e inconscia dell\u2019artista, sia essa frutto di lavoro di ricerca, ispirazione, istinto, o pi\u00f9 spesso un insieme di questi elementi.<span class=\"Apple-converted-space\">\u00a0<\/span><\/p>\n<p>Operando all\u2019interno della forma e dell\u2019estetica della composizione (elementi di grande valore formale, ma aventi in tal senso valenza neutrale) tale arte, per mezzo dei simboli sonori, pu\u00f2 offrire una potente sollecitazione all\u2019ascoltatore \u201ciniziato\u201d, sollecitandolo verso l\u2019evoluzione della coscienza e la scoperta del S\u00e9.<\/p>\n<p>Per sua peculiarit\u00e0, la musica pu\u00f2 ottenere tali risultati senza utilizzare il concetto logico, che meglio si articola per mezzo del linguaggio e delle immagini.<span class=\"Apple-converted-space\">\u00a0<\/span><\/p>\n<p>In tal senso \u00e8 forse la pi\u00f9 astratta e profonda delle arti&#8230; e la nostra epoca la sta distruggendo.<\/p>\n<p>Al pari di ogni manifestazione \u201cmisterica\u201d diventa quindi determinante l\u2019iniziazione alle profondit\u00e0 della musica, che \u00e8 un cammino personale e progressivo di avvicinamento ad essa e alla sua essenza, articolato in varie fasi: incontro, riconoscimento, conoscenza, comprensione, amore.<\/p>\n<\/div>\n<\/div>\n<div class=\"\" data-block=\"true\" data-editor=\"442ki\" data-offset-key=\"c3pmg-0-0\">\n<div class=\"_1mf _1mj\" data-offset-key=\"c3pmg-0-0\"><span data-offset-key=\"c3pmg-0-0\">\u00a0<\/span><\/div>\n<\/div>\n<div class=\"\" data-block=\"true\" data-editor=\"442ki\" data-offset-key=\"e99vq-0-0\">\n<div class=\"_1mf _1mj\" data-offset-key=\"e99vq-0-0\"><strong><span class=\"_247o\" spellcheck=\"false\" data-offset-key=\"e99vq-0-0\"><span class=\"_247o\" spellcheck=\"false\" data-offset-key=\"e99vq-0-0\">Alessandro Fois<\/span><\/span><\/strong><\/div>\n<div data-offset-key=\"e99vq-0-0\"><a href=\"https:\/\/alessandrofois.com\/de\/staging-a2\/\">www.alessandrofois.com<\/a><\/div>\n<div class=\"_1mf _1mj\" data-offset-key=\"e99vq-0-0\">\n<hr \/>\n<\/div>\n<div data-offset-key=\"e99vq-0-0\"><\/div>\n<\/div>","protected":false},"excerpt":{"rendered":"<p>&lt;img src=&#8221;https:\/\/alessandrofois.com\/staging-a2\/wp-content\/uploads\/2019\/08\/La-narrazione-astratta-della-musica-e-il-suo-ruolo-nello-sviluppo-della-consapevolezza.jpg&#8221; alt=&#8221;La narrazione astratta della musica e il suo ruolo nello sviluppo della consapevolezza&#8221; style=&#8221;max-width:100%; height:auto;&#8221; \/&gt; Il Blog di Alessandro Fois. La narrazione astratta della musica e il suo ruolo nello sviluppo della consapevolezza La narrazione astratta della musica Libera dalle briglie della moda e della mercificazione, nonch\u00e9 slegata e indipendente da ruoli [&hellip;]<\/p>\n","protected":false},"author":1,"featured_media":30,"comment_status":"open","ping_status":"open","sticky":false,"template":"","format":"standard","meta":{"footnotes":""},"categories":[4,5],"tags":[],"class_list":["post-29","post","type-post","status-publish","format-standard","has-post-thumbnail","hentry","category-musica","category-varie-intorno-alla-musica"],"post_mailing_queue_ids":[],"_links":{"self":[{"href":"https:\/\/alessandrofois.com\/de\/wp-json\/wp\/v2\/posts\/29","targetHints":{"allow":["GET"]}}],"collection":[{"href":"https:\/\/alessandrofois.com\/de\/wp-json\/wp\/v2\/posts"}],"about":[{"href":"https:\/\/alessandrofois.com\/de\/wp-json\/wp\/v2\/types\/post"}],"author":[{"embeddable":true,"href":"https:\/\/alessandrofois.com\/de\/wp-json\/wp\/v2\/users\/1"}],"replies":[{"embeddable":true,"href":"https:\/\/alessandrofois.com\/de\/wp-json\/wp\/v2\/comments?post=29"}],"version-history":[{"count":0,"href":"https:\/\/alessandrofois.com\/de\/wp-json\/wp\/v2\/posts\/29\/revisions"}],"wp:featuredmedia":[{"embeddable":true,"href":"https:\/\/alessandrofois.com\/de\/wp-json\/wp\/v2\/media\/30"}],"wp:attachment":[{"href":"https:\/\/alessandrofois.com\/de\/wp-json\/wp\/v2\/media?parent=29"}],"wp:term":[{"taxonomy":"category","embeddable":true,"href":"https:\/\/alessandrofois.com\/de\/wp-json\/wp\/v2\/categories?post=29"},{"taxonomy":"post_tag","embeddable":true,"href":"https:\/\/alessandrofois.com\/de\/wp-json\/wp\/v2\/tags?post=29"}],"curies":[{"name":"wp","href":"https:\/\/api.w.org\/{rel}","templated":true}]}}