{"id":29,"date":"2019-08-03T17:10:21","date_gmt":"2019-08-03T17:10:21","guid":{"rendered":"http:\/\/alessandrofois.com\/la-narrazione-astratta-della-musica-e-il-suo-ruolo-nello-sviluppo-della-consapevolezza\/"},"modified":"2019-08-03T17:10:21","modified_gmt":"2019-08-03T17:10:21","slug":"la-narracion-abstracta-de-la-musica-y-su-papel-en-el-desarrollo-de-la-conciencia","status":"publish","type":"post","link":"https:\/\/alessandrofois.com\/es\/la-narrazione-astratta-della-musica-e-il-suo-ruolo-nello-sviluppo-della-consapevolezza\/","title":{"rendered":"La narrativa abstracta de la m\u00fasica y su papel en el desarrollo de la conciencia"},"content":{"rendered":"<p>&lt;img src=&quot;&rdquo;https:\/\/alessandrofois.com\/staging-a2\/wp-content\/uploads\/2019\/08\/La-narrazione-astratta-della-musica-e-il-suo-ruolo-nello-sviluppo-della-consapevolezza.jpg&rdquo;&quot; alt=&quot;&amp;quot;All&aacute;&quot; narrazione astratta della musica e il suo ruolo nello sviluppo consapevolezza&rdquo; style =&quot;&rdquo;max-width:100%;&quot; height:auto;&rdquo; \/&gt;<\/p>\n<div class=\"\" data-block=\"true\" data-editor=\"442ki\" data-offset-key=\"esb34-0-0\">\n<hr \/>\n<h3><span style=\"color: #808080;\">Blog de Alessandro Fois.<\/span><\/h3>\n<hr \/>\n<h2 data-offset-key=\"esb34-0-0\">La narrativa abstracta de la m\u00fasica y su papel en el desarrollo de la conciencia<\/h2>\n<hr \/>\n<\/div>\n<div class=\"\" data-block=\"true\" data-editor=\"442ki\" data-offset-key=\"3ala1-0-0\">\n<div class=\"_1mf _1mj\" data-offset-key=\"3ala1-0-0\">\n<p><b>La narraci\u00f3n abstracta de la m\u00fasica<\/b><\/p>\n<p>Libre de las riendas de la moda y la mercantilizaci\u00f3n, as\u00ed como separada e independiente de los roles l\u00fadicos y sociales y de la funci\u00f3n de soporte narrativo de las palabras y las im\u00e1genes, la m\u00fasica adquiere as\u00ed la dimensi\u00f3n de arte independiente y puro.<\/p>\n<p>Se podr\u00e1 hablar pues de una \u201cnarraci\u00f3n abstracta de la m\u00fasica\u201d, que finalmente \u201chabla de s\u00ed misma\u201d, en perfecta soledad expresiva.<\/p>\n<p>\u00bfDe qu\u00e9 trata la m\u00fasica cuando est\u00e1 separada de otros contextos narrativos?<\/p>\n<p>Puede expresarse comunic\u00e1ndose con nuestro subconsciente, estimulando nuestros arquetipos a trav\u00e9s de s\u00edmbolos emocionales relacionados con ellos, entretejidos en forma de sonido en el tejido de la forma y la est\u00e9tica musical convencional.<\/p>\n<p>Las formas musicales cambian con el tiempo y sus c\u00f3digos est\u00e9ticos tambi\u00e9n se renuevan, mientras que los arquetipos permanecen como expresi\u00f3n de nuestra inmutable naturaleza humana.<\/p>\n<p>La m\u00fasica que responde s\u00f3lo a la forma y a la est\u00e9tica ofrece un valor art\u00edstico m\u00e1s o menos apreciable, seg\u00fan la capacidad y el cuidado de quien la &quot;arquitect\u00f3&quot;, pero a\u00fan de importancia secundaria,<span class=\"Apple-converted-space\">\u00a0 <\/span>porque carece de \u201cun elemento narrativo profundo\u201d que lo defina como Arte con \u201cA\u201d may\u00fascula.<\/p>\n<p>Los arquetipos, por otra parte, en el sentido que pretendo sugerir aqu\u00ed, \u201ccuentan\u201d creencias arraigadas en el inconsciente y cargadas de emociones: miedos, necesidades y deseos que coinciden con la esencia de la naturaleza humana individual y compartida.<\/p>\n<p><b>El crecimiento de la conciencia<\/b><\/p>\n<p>Estos arquetipos ps\u00edquicos son evocados y tra\u00eddos a la conciencia por medio de s\u00edmbolos, que constituyen el \u201crecordatorio significativo del significado del arquetipo\u201d.<\/p>\n<p>La &quot;narrativa musical&quot; art\u00edstica puede pues expresarse a trav\u00e9s de &quot;s\u00edmbolos sonoros&quot; capaces de evocar las &quot;creencias&quot; (y emociones relacionadas) contenidas en el inconsciente humano, llev\u00e1ndolas finalmente a la conciencia, aliviando parte de su peso, orientando irrestiblemente nuestras existencias hacia dimensiones m\u00e1s cercanas a nuestra esencia.<\/p>\n<p>El arte musical procede de la capacidad t\u00e9cnica e intelectual, as\u00ed como de la sensibilidad emocional consciente e inconsciente del artista, ya sea fruto de la investigaci\u00f3n, de la inspiraci\u00f3n, del instinto o, m\u00e1s a menudo, de una combinaci\u00f3n de estos elementos.<span class=\"Apple-converted-space\">\u00a0<\/span><\/p>\n<p>Operando dentro de la forma y la est\u00e9tica de la composici\u00f3n (elementos de gran valor formal, pero que tienen una valencia neutra en este sentido), este arte, a trav\u00e9s de s\u00edmbolos sonoros, puede ofrecer un poderoso est\u00edmulo al oyente &quot;iniciado&quot;, impuls\u00e1ndolo hacia la evoluci\u00f3n de la conciencia y el descubrimiento del Ser.<\/p>\n<p>Debido a su peculiaridad, la m\u00fasica puede lograr tales resultados sin utilizar conceptos l\u00f3gicos, que se articulan mejor a trav\u00e9s del lenguaje y las im\u00e1genes.<span class=\"Apple-converted-space\">\u00a0<\/span><\/p>\n<p>En este sentido, es quiz\u00e1s la m\u00e1s abstracta y profunda de las artes\u2026 y nuestra \u00e9poca la est\u00e1 destruyendo.<\/p>\n<p>Como toda manifestaci\u00f3n \u201cmisteriosa\u201d, resulta crucial la iniciaci\u00f3n en las profundidades de la m\u00fasica, un recorrido personal y progresivo de acercamiento a ella y a su esencia, articulado en diversas fases: encuentro, reconocimiento, conocimiento, comprensi\u00f3n, amor.<\/p>\n<\/div>\n<\/div>\n<div class=\"\" data-block=\"true\" data-editor=\"442ki\" data-offset-key=\"c3pmg-0-0\">\n<div class=\"_1mf _1mj\" data-offset-key=\"c3pmg-0-0\"><span data-offset-key=\"c3pmg-0-0\">\u00a0<\/span><\/div>\n<\/div>\n<div class=\"\" data-block=\"true\" data-editor=\"442ki\" data-offset-key=\"e99vq-0-0\">\n<div class=\"_1mf _1mj\" data-offset-key=\"e99vq-0-0\"><strong><span class=\"_247o\" spellcheck=\"false\" data-offset-key=\"e99vq-0-0\"><span class=\"_247o\" spellcheck=\"false\" data-offset-key=\"e99vq-0-0\">Alessandro Fois<\/span><\/span><\/strong><\/div>\n<div data-offset-key=\"e99vq-0-0\"><a href=\"https:\/\/alessandrofois.com\/es\/puesta-en-escena-a2\/\">www.alessandrofois.com<\/a><\/div>\n<div class=\"_1mf _1mj\" data-offset-key=\"e99vq-0-0\">\n<hr \/>\n<\/div>\n<div data-offset-key=\"e99vq-0-0\"><\/div>\n<\/div>","protected":false},"excerpt":{"rendered":"<p>&lt;img src=&#8221;https:\/\/alessandrofois.com\/staging-a2\/wp-content\/uploads\/2019\/08\/La-narrazione-astratta-della-musica-e-il-suo-ruolo-nello-sviluppo-della-consapevolezza.jpg&#8221; alt=&#8221;La narrazione astratta della musica e il suo ruolo nello sviluppo della consapevolezza&#8221; style=&#8221;max-width:100%; height:auto;&#8221; \/&gt; Il Blog di Alessandro Fois. La narrazione astratta della musica e il suo ruolo nello sviluppo della consapevolezza La narrazione astratta della musica Libera dalle briglie della moda e della mercificazione, nonch\u00e9 slegata e indipendente da ruoli [&hellip;]<\/p>\n","protected":false},"author":1,"featured_media":30,"comment_status":"open","ping_status":"open","sticky":false,"template":"","format":"standard","meta":{"footnotes":""},"categories":[4,5],"tags":[],"class_list":["post-29","post","type-post","status-publish","format-standard","has-post-thumbnail","hentry","category-musica","category-varie-intorno-alla-musica"],"post_mailing_queue_ids":[],"_links":{"self":[{"href":"https:\/\/alessandrofois.com\/es\/wp-json\/wp\/v2\/posts\/29","targetHints":{"allow":["GET"]}}],"collection":[{"href":"https:\/\/alessandrofois.com\/es\/wp-json\/wp\/v2\/posts"}],"about":[{"href":"https:\/\/alessandrofois.com\/es\/wp-json\/wp\/v2\/types\/post"}],"author":[{"embeddable":true,"href":"https:\/\/alessandrofois.com\/es\/wp-json\/wp\/v2\/users\/1"}],"replies":[{"embeddable":true,"href":"https:\/\/alessandrofois.com\/es\/wp-json\/wp\/v2\/comments?post=29"}],"version-history":[{"count":0,"href":"https:\/\/alessandrofois.com\/es\/wp-json\/wp\/v2\/posts\/29\/revisions"}],"wp:featuredmedia":[{"embeddable":true,"href":"https:\/\/alessandrofois.com\/es\/wp-json\/wp\/v2\/media\/30"}],"wp:attachment":[{"href":"https:\/\/alessandrofois.com\/es\/wp-json\/wp\/v2\/media?parent=29"}],"wp:term":[{"taxonomy":"category","embeddable":true,"href":"https:\/\/alessandrofois.com\/es\/wp-json\/wp\/v2\/categories?post=29"},{"taxonomy":"post_tag","embeddable":true,"href":"https:\/\/alessandrofois.com\/es\/wp-json\/wp\/v2\/tags?post=29"}],"curies":[{"name":"wp","href":"https:\/\/api.w.org\/{rel}","templated":true}]}}