{"id":503,"date":"2025-02-10T18:38:40","date_gmt":"2025-02-10T18:38:40","guid":{"rendered":"http:\/\/alessandrofois.com\/riflessione-e-assorbimento-cosa-sono-e-come-influiscono-sulla-registrazione-e-sul-mix\/"},"modified":"2025-07-24T15:11:31","modified_gmt":"2025-07-24T15:11:31","slug":"reflexion-y-absorcion-que-son-y-como-afectan-a-la-grabacion-y-la-mezcla","status":"publish","type":"post","link":"https:\/\/alessandrofois.com\/es\/riflessione-e-assorbimento-cosa-sono-e-come-influiscono-sulla-registrazione-e-sul-mix\/","title":{"rendered":"Reflexi\u00f3n y absorci\u00f3n: qu\u00e9 son y c\u00f3mo afectan la grabaci\u00f3n y la mezcla"},"content":{"rendered":"<hr \/>\n<p style=\"padding-left: 80px;\"><em><strong>Nota introductoria<\/strong><\/em><\/p>\n<p style=\"padding-left: 80px;\"><em>Este art\u00edculo ofrece una visi\u00f3n general de la reflexi\u00f3n y la absorci\u00f3n del sonido, fen\u00f3menos fundamentales para la grabaci\u00f3n y la mezcla. En pr\u00f3ximos art\u00edculos, exploraremos en detalle las aplicaciones pr\u00e1cticas y las soluciones espec\u00edficas para optimizar la ac\u00fastica en entornos de audio.<\/em><\/p>\n<hr \/>\n<h3>Reflexi\u00f3n y absorci\u00f3n: qu\u00e9 son y c\u00f3mo afectan la grabaci\u00f3n y la mezcla<\/h3>\n<p>Cuando una onda sonora encuentra un obst\u00e1culo, puede transmitirse a trav\u00e9s de \u00e9l, absorberse o reflejarse. Estos fen\u00f3menos afectan significativamente la calidad de las grabaciones y mezclas de audio, determinando c\u00f3mo se capta y percibe el sonido en entornos de escucha. Comprender c\u00f3mo se comporta el sonido en relaci\u00f3n con los obst\u00e1culos es crucial para lograr grabaciones n\u00edtidas y mezclas equilibradas.<\/p>\n<h2><strong>Paso del sonido y absorci\u00f3n<\/strong><\/h2>\n<h2><img loading=\"lazy\" decoding=\"async\" class=\"size-full wp-image-516 alignright\" src=\"https:\/\/alessandrofois.com\/wp-content\/uploads\/2025\/06\/Senza-nome-1-2.jpg\" alt=\"\" width=\"472\" height=\"426\" srcset=\"https:\/\/alessandrofois.com\/wp-content\/uploads\/2025\/06\/Senza-nome-1-2.jpg 472w, https:\/\/alessandrofois.com\/wp-content\/uploads\/2025\/06\/Senza-nome-1-2-300x271.jpg 300w\" sizes=\"auto, (max-width: 472px) 100vw, 472px\" \/><\/h2>\n<p>El sonido puede atravesar un obst\u00e1culo, absorbi\u00e9ndose o reflej\u00e1ndose, seg\u00fan las caracter\u00edsticas del propio obst\u00e1culo y su frecuencia. Un obst\u00e1culo con poca masa y baja frecuencia sonora permite el paso del sonido, mientras que los materiales m\u00e1s densos absorben m\u00e1s el sonido, especialmente a altas frecuencias. Este principio es la base del aislamiento ac\u00fastico, esencial para evitar fugas de sonido no deseadas.<\/p>\n<h2><strong>Reflexi\u00f3n del sonido<\/strong><\/h2>\n<p>Para reflejar el sonido eficazmente, el obst\u00e1culo debe ser r\u00edgido, liso y el\u00e1stico. Las altas frecuencias pueden reflejarse incluso en superficies delgadas como el pl\u00e1stico o el metal, mientras que los materiales muy densos como el hormig\u00f3n o la piedra son necesarios para reflejar las bajas frecuencias.<\/p>\n<h3><strong>\u00c1ngulos de incidencia y refracci\u00f3n<\/strong><\/h3>\n<p>El sonido sigue las mismas leyes que la luz y el movimiento de una bola de billar: rebota en una superficie reflectante con el mismo \u00e1ngulo con el que impacta. Si el obst\u00e1culo es perfectamente plano, la reflexi\u00f3n ser\u00e1 predecible y dirigida. Al inclinar el plano de reflexi\u00f3n, se puede dirigir la reflexi\u00f3n hacia donde se desee, siguiendo la misma geometr\u00eda utilizada para controlar una bola de billar.<\/p>\n<h3><strong>Superficies c\u00f3ncavas y convexas<\/strong><\/h3>\n<p>Las superficies c\u00f3ncavas tienden a concentrar el sonido en un punto espec\u00edfico, creando acumulaciones indeseadas de energ\u00eda sonora. Por el contrario, las superficies convexas difunden el sonido de forma m\u00e1s uniforme, reduciendo los problemas de focalizaci\u00f3n del sonido. Este concepto sustenta el uso de paneles de difusi\u00f3n, que dispersan la energ\u00eda sonora entrante y mejoran la ac\u00fastica de una sala.<\/p>\n<div id=\"attachment_517\" style=\"width: 1969px\" class=\"wp-caption aligncenter\"><img loading=\"lazy\" decoding=\"async\" aria-describedby=\"caption-attachment-517\" class=\"size-full wp-image-517\" src=\"https:\/\/alessandrofois.com\/wp-content\/uploads\/2025\/06\/Senza-nome-2-2.jpg\" alt=\"\" width=\"1959\" height=\"1102\" srcset=\"https:\/\/alessandrofois.com\/wp-content\/uploads\/2025\/06\/Senza-nome-2-2.jpg 1959w, https:\/\/alessandrofois.com\/wp-content\/uploads\/2025\/06\/Senza-nome-2-2-600x338.jpg 600w, https:\/\/alessandrofois.com\/wp-content\/uploads\/2025\/06\/Senza-nome-2-2-300x169.jpg 300w, https:\/\/alessandrofois.com\/wp-content\/uploads\/2025\/06\/Senza-nome-2-2-1030x579.jpg 1030w, https:\/\/alessandrofois.com\/wp-content\/uploads\/2025\/06\/Senza-nome-2-2-768x432.jpg 768w, https:\/\/alessandrofois.com\/wp-content\/uploads\/2025\/06\/Senza-nome-2-2-1536x864.jpg 1536w, https:\/\/alessandrofois.com\/wp-content\/uploads\/2025\/06\/Senza-nome-2-2-1500x844.jpg 1500w, https:\/\/alessandrofois.com\/wp-content\/uploads\/2025\/06\/Senza-nome-2-2-705x397.jpg 705w\" sizes=\"auto, (max-width: 1959px) 100vw, 1959px\" \/><p id=\"caption-attachment-517\" class=\"wp-caption-text\">En un entorno cerrado, cada trayectoria de propagaci\u00f3n de una fuente encuentra obst\u00e1culos que causan tantas reflexiones como sea posible. S+P indica una fuente sonora cuyo productor tambi\u00e9n es un oyente (por ejemplo, un cantante o un violinista): observe la m\u00e1s corta de las tres reflexiones resaltadas, que determina el pre-retardo en funci\u00f3n de la longitud de la trayectoria m\u00e1s corta. Para el oyente externo o el micr\u00f3fono de grabaci\u00f3n (Solo P), el pre-retardo tambi\u00e9n ser\u00e1 funci\u00f3n de la trayectoria de reflexi\u00f3n m\u00e1s corta. Ambos tambi\u00e9n escuchar\u00e1n el sonido directo, que para S+P es inmediato, mientras que para Solo P tendr\u00e1 un ligero mayor retardo, dependiendo de la distancia, pero a\u00fan m\u00e1s inmediato que cualquier otra reflexi\u00f3n.<\/p><\/div>\n<h3><strong>Efectos de la refracci\u00f3n: eco y reverberaci\u00f3n<\/strong><\/h3>\n<p>La reflexi\u00f3n es la causa principal de fen\u00f3menos como el eco y la reverberaci\u00f3n, que afectan la percepci\u00f3n del sonido en un entorno.<\/p>\n<ul>\n<li><strong>Eco<\/strong>Esto ocurre cuando una reflexi\u00f3n se retrasa lo suficiente como para percibirse como un sonido independiente. El retraso entre el sonido original y el eco depende de la distancia a la superficie reflectante. A mayor distancia, mayor retraso.<\/li>\n<li><strong>Flutter Echo<\/strong>Se trata de un eco repetido y cercano causado por reflexiones entre superficies paralelas sin tratar. Es un problema grave en los estudios de grabaci\u00f3n, que puede solucionarse inclinando las paredes o instalando paneles absorbentes.<\/li>\n<li><strong>Reverberaci\u00f3n<\/strong>Es el resultado de la superposici\u00f3n de m\u00faltiples ecos, que crean una cola sonora persistente. La cantidad de reverberaci\u00f3n en una sala depende del n\u00famero de superficies reflectantes y de su distancia a la fuente sonora.<\/li>\n<\/ul>\n<div id=\"attachment_518\" style=\"width: 1969px\" class=\"wp-caption aligncenter\"><img loading=\"lazy\" decoding=\"async\" aria-describedby=\"caption-attachment-518\" class=\"size-full wp-image-518\" src=\"https:\/\/alessandrofois.com\/wp-content\/uploads\/2025\/06\/Senza-nome-3-2.jpg\" alt=\"\" width=\"1959\" height=\"1102\" srcset=\"https:\/\/alessandrofois.com\/wp-content\/uploads\/2025\/06\/Senza-nome-3-2.jpg 1959w, https:\/\/alessandrofois.com\/wp-content\/uploads\/2025\/06\/Senza-nome-3-2-600x338.jpg 600w, https:\/\/alessandrofois.com\/wp-content\/uploads\/2025\/06\/Senza-nome-3-2-300x169.jpg 300w, https:\/\/alessandrofois.com\/wp-content\/uploads\/2025\/06\/Senza-nome-3-2-1030x579.jpg 1030w, https:\/\/alessandrofois.com\/wp-content\/uploads\/2025\/06\/Senza-nome-3-2-768x432.jpg 768w, https:\/\/alessandrofois.com\/wp-content\/uploads\/2025\/06\/Senza-nome-3-2-1536x864.jpg 1536w, https:\/\/alessandrofois.com\/wp-content\/uploads\/2025\/06\/Senza-nome-3-2-1500x844.jpg 1500w, https:\/\/alessandrofois.com\/wp-content\/uploads\/2025\/06\/Senza-nome-3-2-705x397.jpg 705w\" sizes=\"auto, (max-width: 1959px) 100vw, 1959px\" \/><p id=\"caption-attachment-518\" class=\"wp-caption-text\">El sonido emitido por una fuente, tras unos instantes, ser\u00e1 percibido por el oyente como &quot;sonido directo&quot;. Poco despu\u00e9s (tras un per\u00edodo de latencia llamado &quot;preretardo&quot;), percibir\u00e1 las &quot;primeras reflexiones&quot;, que gradualmente se vuelven m\u00e1s cercanas y densas, hasta fusionarse en una \u00fanica percepci\u00f3n de &quot;reverberaci\u00f3n&quot;. Observe c\u00f3mo todos los eventos se suceden con una p\u00e9rdida progresiva de energ\u00eda s\u00f3nica, hasta que la resonancia se extingue por completo.<\/p><\/div>\n<h2><strong>Implicaciones pr\u00e1cticas para la grabaci\u00f3n y la mezcla<\/strong><\/h2>\n<h3><strong>Registro<\/strong>:<\/h3>\n<ul>\n<li><strong>Comprueba las primeras refracciones<\/strong>Las ondas sonoras que rebotan en las paredes cercanas rebotan hacia el micr\u00f3fono y pueden crear interferencias de fase, distorsionando el sonido grabado. Tratar las paredes con paneles absorbentes o difusores ayuda a prevenir este problema.<\/li>\n<li><strong>Evite refracciones no deseadas<\/strong>La reflexi\u00f3n excesiva enturbia el sonido, mientras que la absorci\u00f3n excesiva lo hace poco natural y le resta profundidad. El equilibrio adecuado entre absorci\u00f3n y reflexi\u00f3n es esencial para obtener grabaciones n\u00edtidas.<\/li>\n<\/ul>\n<h3><strong>Mezclando<\/strong>:<\/h3>\n<ul>\n<li><strong>Gesti\u00f3n de la reverberaci\u00f3n<\/strong>Un par\u00e1metro clave es el pre-retardo, o el tiempo entre el sonido original y la respuesta reverberada. Ajustar un pre-retardo adecuado ayuda a separar el sonido directo de su cola reverberada, manteniendo la claridad y la inteligibilidad.<\/li>\n<li><strong>Monitores de estudio<\/strong>Usar monitores de estudio en lugar de altavoces convencionales es esencial para evaluar con precisi\u00f3n la mezcla. Los monitores profesionales tienen una respuesta de frecuencia lineal, lo que evita la coloraci\u00f3n indeseada del sonido.<\/li>\n<li><strong>Uso de auriculares y correcci\u00f3n ac\u00fastica<\/strong>Aunque la mezcla se realiza mejor con monitores, los auriculares pueden ser \u00fatiles para comprobar los detalles y el balance. El software de correcci\u00f3n ac\u00fastica puede mejorar la neutralidad tanto de los monitores como de los auriculares, compensando las imperfecciones de la sala o del sistema de escucha.<\/li>\n<li><strong>Panor\u00e1mica y espacialidad del sonido<\/strong>La panoramizaci\u00f3n permite distribuir los sonidos entre los canales izquierdo y derecho de la mezcla est\u00e9reo. Combinada con la reverberaci\u00f3n y el pre-delay, crea un escenario sonoro tridimensional y bien equilibrado.<\/li>\n<\/ul>\n<h2><strong>Conclusi\u00f3n<\/strong><\/h2>\n<p>El comportamiento del sonido en un entorno impacta directamente la grabaci\u00f3n y la mezcla. Comprender y controlar las reflexiones, la absorci\u00f3n y los ecos mejora la calidad del audio, previniendo problemas de fase y confusi\u00f3n sonora.<\/p>","protected":false},"excerpt":{"rendered":"<p>Nota introduttiva Questo articolo offre una panoramica generale su riflessione e assorbimento del suono, fenomeni fondamentali per la registrazione e il mixaggio. Nei prossimi approfondimenti, analizzeremo nel dettaglio le applicazioni pratiche e le soluzioni specifiche per ottimizzare l\u2019acustica negli ambienti di lavoro audio. Riflessione e assorbimento: cosa sono e come influiscono sulla registrazione e sul [&hellip;]<\/p>\n","protected":false},"author":1,"featured_media":508,"comment_status":"open","ping_status":"open","sticky":false,"template":"","format":"standard","meta":{"footnotes":""},"categories":[24,6,25],"tags":[],"class_list":["post-503","post","type-post","status-publish","format-standard","has-post-thumbnail","hentry","category-acustica-e-allestimento","category-audio","category-basic-audio"],"post_mailing_queue_ids":[],"_links":{"self":[{"href":"https:\/\/alessandrofois.com\/es\/wp-json\/wp\/v2\/posts\/503","targetHints":{"allow":["GET"]}}],"collection":[{"href":"https:\/\/alessandrofois.com\/es\/wp-json\/wp\/v2\/posts"}],"about":[{"href":"https:\/\/alessandrofois.com\/es\/wp-json\/wp\/v2\/types\/post"}],"author":[{"embeddable":true,"href":"https:\/\/alessandrofois.com\/es\/wp-json\/wp\/v2\/users\/1"}],"replies":[{"embeddable":true,"href":"https:\/\/alessandrofois.com\/es\/wp-json\/wp\/v2\/comments?post=503"}],"version-history":[{"count":0,"href":"https:\/\/alessandrofois.com\/es\/wp-json\/wp\/v2\/posts\/503\/revisions"}],"wp:featuredmedia":[{"embeddable":true,"href":"https:\/\/alessandrofois.com\/es\/wp-json\/wp\/v2\/media\/508"}],"wp:attachment":[{"href":"https:\/\/alessandrofois.com\/es\/wp-json\/wp\/v2\/media?parent=503"}],"wp:term":[{"taxonomy":"category","embeddable":true,"href":"https:\/\/alessandrofois.com\/es\/wp-json\/wp\/v2\/categories?post=503"},{"taxonomy":"post_tag","embeddable":true,"href":"https:\/\/alessandrofois.com\/es\/wp-json\/wp\/v2\/tags?post=503"}],"curies":[{"name":"wp","href":"https:\/\/api.w.org\/{rel}","templated":true}]}}